{"id":2944,"date":"2026-09-01T17:16:43","date_gmt":"2026-09-01T15:16:43","guid":{"rendered":"https:\/\/iwmar.eu\/?p=2944"},"modified":"2026-09-01T17:20:09","modified_gmt":"2026-09-01T15:20:09","slug":"drema-2026","status":"publish","type":"post","link":"https:\/\/iwmar.eu\/index.php\/2026\/09\/01\/drema-2026\/","title":{"rendered":"DREMA 2026"},"content":{"rendered":"<p>Ju\u017c za tydzie\u0144 ruszamy do stolicy Wielkopolski. W dniach <strong>8-11 wrze\u015bnia 2026<\/strong> b\u0119dziemy ponownie obecni na Mi\u0119dzynarodowych Targach Maszyn, Narz\u0119dzi i Komponent\u00f3w dla Przemys\u0142u Drzewnego i Meblarskiego DREMA &#8211; jednym z najwa\u017cniejszych spotka\u0144 bran\u017cowych w tej cz\u0119\u015bci Polski.<\/p>\n<p>To doskona\u0142a okazja, \u017ceby spotka\u0107 si\u0119 na \u017cywo, wymieni\u0107 do\u015bwiadczeniami, porozmawia\u0107 o optymalizacji proces\u00f3w produkcyjnych i sprawdzi\u0107 nasze najnowsze rozwi\u0105zania.<\/p>\n<p>Serdecznie zapraszamy do odwiedzenia naszego stoiska:<\/p>\n<ul>\n<li><strong>Gdzie:<\/strong> Mi\u0119dzynarodowe Targi Pozna\u0144skie (MTP), ul. G\u0142ogowska 10, 60-734 Pozna\u0144<\/li>\n<li><strong>Kiedy:<\/strong> 8 -11 wrze\u015bnia 2026<\/li>\n<li><strong>Stoisko:<\/strong> 63<\/li>\n<li><strong>Pawilon<\/strong>: 5<\/li>\n<\/ul>\n<p>Do zobaczenia na miejscu!&#8221;<\/p>\n","protected":false},"excerpt":{"rendered":"<p>Ju\u017c za tydzie\u0144 ruszamy do stolicy Wielkopolski. W dniach 8-11 wrze\u015bnia 2026 b\u0119dziemy ponownie obecni na Mi\u0119dzynarodowych Targach Maszyn, Narz\u0119dzi i Komponent\u00f3w dla Przemys\u0142u Drzewnego i Meblarskiego DREMA &#8211; jednym z najwa\u017cniejszych spotka\u0144 bran\u017cowych w tej cz\u0119\u015bci Polski. To doskona\u0142a okazja, \u017ceby spotka\u0107 si\u0119 na \u017cywo, wymieni\u0107 do\u015bwiadczeniami, porozmawia\u0107 o optymalizacji proces\u00f3w produkcyjnych i sprawdzi\u0107 [&hellip;]<\/p>\n","protected":false},"author":2,"featured_media":2948,"comment_status":"closed","ping_status":"closed","sticky":false,"template":"","format":"image","meta":{"_uag_custom_page_level_css":"","footnotes":""},"categories":[70],"tags":[74,75],"class_list":["post-2944","post","type-post","status-publish","format-image","has-post-thumbnail","hentry","category-aktualnosci","tag-drema","tag-targi","post_format-post-format-image"],"uagb_featured_image_src":{"full":["https:\/\/iwmar.eu\/wp-content\/uploads\/2026\/09\/Iwmar_targi_drema_2026_v3.jpeg",429,412,false],"thumbnail":["https:\/\/iwmar.eu\/wp-content\/uploads\/2026\/09\/Iwmar_targi_drema_2026_v3-150x150.jpeg",150,150,true],"medium":["https:\/\/iwmar.eu\/wp-content\/uploads\/2026\/09\/Iwmar_targi_drema_2026_v3-300x288.jpeg",300,288,true],"medium_large":["https:\/\/iwmar.eu\/wp-content\/uploads\/2026\/09\/Iwmar_targi_drema_2026_v3.jpeg",429,412,false],"large":["https:\/\/iwmar.eu\/wp-content\/uploads\/2026\/09\/Iwmar_targi_drema_2026_v3.jpeg",429,412,false],"1536x1536":["https:\/\/iwmar.eu\/wp-content\/uploads\/2026\/09\/Iwmar_targi_drema_2026_v3.jpeg",429,412,false],"2048x2048":["https:\/\/iwmar.eu\/wp-content\/uploads\/2026\/09\/Iwmar_targi_drema_2026_v3.jpeg",429,412,false],"post-thumbnail":["https:\/\/iwmar.eu\/wp-content\/uploads\/2026\/09\/Iwmar_targi_drema_2026_v3.jpeg",429,412,false],"mx-l-thumbs":["https:\/\/iwmar.eu\/wp-content\/uploads\/2026\/09\/Iwmar_targi_drema_2026_v3.jpeg",429,412,false],"mx-m-thumbs":["https:\/\/iwmar.eu\/wp-content\/uploads\/2026\/09\/Iwmar_targi_drema_2026_v3-429x313.jpeg",429,313,true],"mx-s-thumbs":["https:\/\/iwmar.eu\/wp-content\/uploads\/2026\/09\/Iwmar_targi_drema_2026_v3-429x254.jpeg",429,254,true],"mx-square-thumbs":["https:\/\/iwmar.eu\/wp-content\/uploads\/2026\/09\/Iwmar_targi_drema_2026_v3.jpeg",429,412,false],"mx-nocrop-thumbs":["https:\/\/iwmar.eu\/wp-content\/uploads\/2026\/09\/Iwmar_targi_drema_2026_v3.jpeg",429,412,false],"menu-24x24":["https:\/\/iwmar.eu\/wp-content\/uploads\/2026\/09\/Iwmar_targi_drema_2026_v3-24x24.jpeg",24,24,true],"menu-36x36":["https:\/\/iwmar.eu\/wp-content\/uploads\/2026\/09\/Iwmar_targi_drema_2026_v3-36x36.jpeg",36,36,true],"menu-48x48":["https:\/\/iwmar.eu\/wp-content\/uploads\/2026\/09\/Iwmar_targi_drema_2026_v3-48x46.jpeg",48,46,true]},"uagb_author_info":{"display_name":"Filip Lendzion","author_link":"https:\/\/iwmar.eu\/index.php\/author\/filip\/"},"uagb_comment_info":0,"uagb_excerpt":"Ju\u017c za tydzie\u0144 ruszamy do stolicy Wielkopolski. W dniach 8-11 wrze\u015bnia 2026 b\u0119dziemy ponownie obecni na Mi\u0119dzynarodowych Targach Maszyn, Narz\u0119dzi i Komponent\u00f3w dla Przemys\u0142u Drzewnego i Meblarskiego DREMA &#8211; jednym z najwa\u017cniejszych spotka\u0144 bran\u017cowych w tej cz\u0119\u015bci Polski. To doskona\u0142a okazja, \u017ceby spotka\u0107 si\u0119 na \u017cywo, wymieni\u0107 do\u015bwiadczeniami, porozmawia\u0107 o optymalizacji proces\u00f3w produkcyjnych i sprawdzi\u0107&hellip;","_links":{"self":[{"href":"https:\/\/iwmar.eu\/index.php\/wp-json\/wp\/v2\/posts\/2944","targetHints":{"allow":["GET"]}}],"collection":[{"href":"https:\/\/iwmar.eu\/index.php\/wp-json\/wp\/v2\/posts"}],"about":[{"href":"https:\/\/iwmar.eu\/index.php\/wp-json\/wp\/v2\/types\/post"}],"author":[{"embeddable":true,"href":"https:\/\/iwmar.eu\/index.php\/wp-json\/wp\/v2\/users\/2"}],"replies":[{"embeddable":true,"href":"https:\/\/iwmar.eu\/index.php\/wp-json\/wp\/v2\/comments?post=2944"}],"version-history":[{"count":1,"href":"https:\/\/iwmar.eu\/index.php\/wp-json\/wp\/v2\/posts\/2944\/revisions"}],"predecessor-version":[{"id":2946,"href":"https:\/\/iwmar.eu\/index.php\/wp-json\/wp\/v2\/posts\/2944\/revisions\/2946"}],"wp:featuredmedia":[{"embeddable":true,"href":"https:\/\/iwmar.eu\/index.php\/wp-json\/wp\/v2\/media\/2948"}],"wp:attachment":[{"href":"https:\/\/iwmar.eu\/index.php\/wp-json\/wp\/v2\/media?parent=2944"}],"wp:term":[{"taxonomy":"category","embeddable":true,"href":"https:\/\/iwmar.eu\/index.php\/wp-json\/wp\/v2\/categories?post=2944"},{"taxonomy":"post_tag","embeddable":true,"href":"https:\/\/iwmar.eu\/index.php\/wp-json\/wp\/v2\/tags?post=2944"}],"curies":[{"name":"wp","href":"https:\/\/api.w.org\/{rel}","templated":true}]}}